{"id":109,"date":"2024-03-06T10:02:40","date_gmt":"2024-03-06T10:02:40","guid":{"rendered":"https:\/\/bridge365.qodeinteractive.com\/?p=109"},"modified":"2024-03-13T19:23:33","modified_gmt":"2024-03-13T19:23:33","slug":"instrumentos-de-cordas-na-orquestra","status":"publish","type":"post","link":"https:\/\/osfer.com.br\/?p=109","title":{"rendered":"Instrumentos de cordas na orquestra"},"content":{"rendered":"\t\t<div data-elementor-type=\"wp-post\" data-elementor-id=\"109\" class=\"elementor elementor-109\">\n\t\t\t\t\t\t\t\t\t<section class=\"elementor-section elementor-top-section elementor-element elementor-element-03ff0dd elementor-section-full_width elementor-section-height-default elementor-section-height-default parallax_section_no qode_elementor_container_no\" data-id=\"03ff0dd\" data-element_type=\"section\">\n\t\t\t\t\t\t<div class=\"elementor-container elementor-column-gap-no\">\n\t\t\t\t\t<div class=\"elementor-column elementor-col-100 elementor-top-column elementor-element elementor-element-7590977\" data-id=\"7590977\" data-element_type=\"column\">\n\t\t\t<div class=\"elementor-widget-wrap elementor-element-populated\">\n\t\t\t\t\t\t\t\t<div class=\"elementor-element elementor-element-e336432 elementor-drop-cap-yes elementor-drop-cap-view-default elementor-widget elementor-widget-text-editor\" data-id=\"e336432\" data-element_type=\"widget\" data-settings=\"{&quot;drop_cap&quot;:&quot;yes&quot;}\" data-widget_type=\"text-editor.default\">\n\t\t\t\t<div class=\"elementor-widget-container\">\n\t\t\t<style>\/*! elementor - v3.18.0 - 20-12-2023 *\/\n.elementor-widget-text-editor.elementor-drop-cap-view-stacked .elementor-drop-cap{background-color:#69727d;color:#fff}.elementor-widget-text-editor.elementor-drop-cap-view-framed .elementor-drop-cap{color:#69727d;border:3px solid;background-color:transparent}.elementor-widget-text-editor:not(.elementor-drop-cap-view-default) .elementor-drop-cap{margin-top:8px}.elementor-widget-text-editor:not(.elementor-drop-cap-view-default) .elementor-drop-cap-letter{width:1em;height:1em}.elementor-widget-text-editor .elementor-drop-cap{float:left;text-align:center;line-height:1;font-size:50px}.elementor-widget-text-editor .elementor-drop-cap-letter{display:inline-block}<\/style>\t\t\t\t<h2 style=\"box-sizing: inherit; font-family: -apple-system, BlinkMacSystemFont, 'Segoe UI', Roboto, 'Helvetica Neue', Arial, sans-serif; margin-right: auto; margin-bottom: 0.540791em; margin-left: auto; color: #2b2b2b; clear: both; font-size: 2.1em; line-height: 1.216; letter-spacing: normal; background-color: #ffffff;\">Saiba quais s\u00e3o os instrumentos de corda presentes na orquestra<\/h2><p style=\"box-sizing: inherit; margin-right: auto; margin-bottom: 1.41575em; margin-left: auto; color: #686868; font-family: -apple-system, BlinkMacSystemFont, 'Segoe UI', Roboto, 'Helvetica Neue', Arial, sans-serif; font-size: medium; background-color: #ffffff;\">Existem diversos instrumentos que comp\u00f5em uma orquestra e cada um deles tem um diferencial que o faz \u00fanico e especial. Dentre eles, existem cinco que s\u00e3o classificados como instrumentos de cordas, sendo eles: violinos, violas, violoncelos, contrabaixos e harpa.<\/p><p style=\"box-sizing: inherit; margin-right: auto; margin-bottom: 1.41575em; margin-left: auto; color: #686868; font-family: -apple-system, BlinkMacSystemFont, 'Segoe UI', Roboto, 'Helvetica Neue', Arial, sans-serif; font-size: medium; background-color: #ffffff;\">Vamos conhecer cada um deles?<\/p><h2 style=\"box-sizing: inherit; font-family: -apple-system, BlinkMacSystemFont, 'Segoe UI', Roboto, 'Helvetica Neue', Arial, sans-serif; margin-right: auto; margin-bottom: 0.540791em; margin-left: auto; color: #2b2b2b; clear: both; font-size: 2.1em; line-height: 1.216; letter-spacing: normal; background-color: #ffffff;\">Violino<\/h2><p style=\"box-sizing: inherit; margin-right: auto; margin-bottom: 1.41575em; margin-left: auto; color: #686868; font-family: -apple-system, BlinkMacSystemFont, 'Segoe UI', Roboto, 'Helvetica Neue', Arial, sans-serif; font-size: medium; background-color: #ffffff;\">O violino pode ser classificado como um instrumento de cordas friccionadas, assim como outros que veremos mais abaixo. O instrumento tem suas origens na Bav\u00e1ria, na Alemanha, mas foi popularizado mesmo a partir da It\u00e1lia.<\/p><p style=\"box-sizing: inherit; margin-right: auto; margin-bottom: 1.41575em; margin-left: auto; color: #686868; font-family: -apple-system, BlinkMacSystemFont, 'Segoe UI', Roboto, 'Helvetica Neue', Arial, sans-serif; font-size: medium; background-color: #ffffff;\">Ele \u00e9 um dos instrumentos com som mais agudo e tem posi\u00e7\u00e3o de destaque em qualquer orquestra. Voc\u00ea sabia que \u00e9 o primeiro-violinista que rege os demais instrumentos? Por seu som inconfund\u00edvel, altivo e refinado, o violino est\u00e1 presente em diversas das mais cl\u00e1ssicas composi\u00e7\u00f5es.<\/p><h2 style=\"box-sizing: inherit; font-family: -apple-system, BlinkMacSystemFont, 'Segoe UI', Roboto, 'Helvetica Neue', Arial, sans-serif; margin-right: auto; margin-bottom: 0.540791em; margin-left: auto; color: #2b2b2b; clear: both; font-size: 2.1em; line-height: 1.216; letter-spacing: normal; background-color: #ffffff;\">Viola<\/h2><p style=\"box-sizing: inherit; margin-right: auto; margin-bottom: 1.41575em; margin-left: auto; color: #686868; font-family: -apple-system, BlinkMacSystemFont, 'Segoe UI', Roboto, 'Helvetica Neue', Arial, sans-serif; font-size: medium; background-color: #ffffff;\">Tem origens ainda mais antigas do que o violino e tamb\u00e9m \u00e9 classificada como um instrumento de corda friccionada. Por seu tamanho e forma de tocar, \u00e9, muitas vezes, confundido com seu primo de som mais agudo.<\/p><p style=\"box-sizing: inherit; margin-right: auto; margin-bottom: 1.41575em; margin-left: auto; color: #686868; font-family: -apple-system, BlinkMacSystemFont, 'Segoe UI', Roboto, 'Helvetica Neue', Arial, sans-serif; font-size: medium; background-color: #ffffff;\">Tem um som que, apesar de suave, tamb\u00e9m \u00e9 encorpado e marca progress\u00f5es harm\u00f4nicas, e \u00e9 ainda um pouco mais grave que o violino. Sua afina\u00e7\u00e3o \u00e9 feita em D\u00f3, Sol, R\u00e9 e L\u00e1.<\/p><p style=\"box-sizing: inherit; margin-right: auto; margin-bottom: 1.41575em; margin-left: auto; color: #686868; font-family: -apple-system, BlinkMacSystemFont, 'Segoe UI', Roboto, 'Helvetica Neue', Arial, sans-serif; font-size: medium; background-color: #ffffff;\">Bach escreveu concertos para viola primorosos como Viola Concerto em D\u00f3 Menor, vale conferir!<\/p><h2 style=\"box-sizing: inherit; font-family: -apple-system, BlinkMacSystemFont, 'Segoe UI', Roboto, 'Helvetica Neue', Arial, sans-serif; margin-right: auto; margin-bottom: 0.540791em; margin-left: auto; color: #2b2b2b; clear: both; font-size: 2.1em; line-height: 1.216; letter-spacing: normal; background-color: #ffffff;\">Violoncelo<\/h2><p style=\"box-sizing: inherit; margin-right: auto; margin-bottom: 1.41575em; margin-left: auto; color: #686868; font-family: -apple-system, BlinkMacSystemFont, 'Segoe UI', Roboto, 'Helvetica Neue', Arial, sans-serif; font-size: medium; background-color: #ffffff;\">N\u00e3o tem como ir a um concerto e n\u00e3o ficar admirado com o violoncelo, tanto pelo tamanho, vem maior que violino e a viola, quanto pelo som, que \u00e9 bastante grave. \u00c9 afinado em L\u00e1, R\u00e9, Sol e D\u00f3.<\/p><p style=\"box-sizing: inherit; margin-right: auto; margin-bottom: 1.41575em; margin-left: auto; color: #686868; font-family: -apple-system, BlinkMacSystemFont, 'Segoe UI', Roboto, 'Helvetica Neue', Arial, sans-serif; font-size: medium; background-color: #ffffff;\">Para toc\u00e1-lo, o musico fica sentado, com o instrumento apoiado entre as pernas, em posi\u00e7\u00e3o vertical. Al\u00e9m disso, possui o \u201cespig\u00e3o\u201d, uma esp\u00e9cie de vareta que o mant\u00e9m no ch\u00e3o e auxilia para que n\u00e3o caia ou escorregue.<\/p><p style=\"box-sizing: inherit; margin-right: auto; margin-bottom: 1.41575em; margin-left: auto; color: #686868; font-family: -apple-system, BlinkMacSystemFont, 'Segoe UI', Roboto, 'Helvetica Neue', Arial, sans-serif; font-size: medium; background-color: #ffffff;\">Na Sinfonia N\u00ba 5 de Beethoven, o violoncelo tem lugar de destaque. Aprecie!<\/p><h2 style=\"box-sizing: inherit; font-family: -apple-system, BlinkMacSystemFont, 'Segoe UI', Roboto, 'Helvetica Neue', Arial, sans-serif; margin-right: auto; margin-bottom: 0.540791em; margin-left: auto; color: #2b2b2b; clear: both; font-size: 2.1em; line-height: 1.216; letter-spacing: normal; background-color: #ffffff;\">Contrabaixo<\/h2><p style=\"box-sizing: inherit; margin-right: auto; margin-bottom: 1.41575em; margin-left: auto; color: #686868; font-family: -apple-system, BlinkMacSystemFont, 'Segoe UI', Roboto, 'Helvetica Neue', Arial, sans-serif; font-size: medium; background-color: #ffffff;\">O contrabaixo \u00e9 o maior e mais grave dos instrumentos de corda presentes em uma orquestra.<\/p><p style=\"box-sizing: inherit; margin-right: auto; margin-bottom: 1.41575em; margin-left: auto; color: #686868; font-family: -apple-system, BlinkMacSystemFont, 'Segoe UI', Roboto, 'Helvetica Neue', Arial, sans-serif; font-size: medium; background-color: #ffffff;\">A sua posi\u00e7\u00e3o se assemelha bastante com a do violoncelo na hora de tocar. Ele pode ser tocado com arco ou com os dedos, na t\u00e9cnica pizzicato, normalmente utilizada no jazz.<\/p><p style=\"box-sizing: inherit; margin-right: auto; margin-bottom: 1.41575em; margin-left: auto; color: #686868; font-family: -apple-system, BlinkMacSystemFont, 'Segoe UI', Roboto, 'Helvetica Neue', Arial, sans-serif; font-size: medium; background-color: #ffffff;\">Com suas origens no s\u00e9culo XVI, o instrumento recebeu o nome contrabaixo justamente por ele soar uma oitava abaixo do que violoncelo.<\/p><h2 style=\"box-sizing: inherit; font-family: -apple-system, BlinkMacSystemFont, 'Segoe UI', Roboto, 'Helvetica Neue', Arial, sans-serif; margin-right: auto; margin-bottom: 0.540791em; margin-left: auto; color: #2b2b2b; clear: both; font-size: 2.1em; line-height: 1.216; letter-spacing: normal; background-color: #ffffff;\">Harpa<\/h2><p style=\"box-sizing: inherit; margin-right: auto; margin-bottom: 1.41575em; margin-left: auto; color: #686868; font-family: -apple-system, BlinkMacSystemFont, 'Segoe UI', Roboto, 'Helvetica Neue', Arial, sans-serif; font-size: medium; background-color: #ffffff;\">Por fim, a harpa. Um dos instrumentos mais antigos, junto \u00e0 flauta, a harpa \u00e9 bastante representativa por sua sonoridade doce, harm\u00f4nica e \u00fanica. Al\u00e9m de ser um instrumento de beleza \u00fanica.<\/p><p style=\"box-sizing: inherit; margin-right: auto; margin-bottom: 1.41575em; margin-left: auto; color: #686868; font-family: -apple-system, BlinkMacSystemFont, 'Segoe UI', Roboto, 'Helvetica Neue', Arial, sans-serif; font-size: medium; background-color: #ffffff;\">Ela \u00e9 composta por cerda de 46 ou 47 cordas paralelas e algumas harpas possuem pedais, que tem como fun\u00e7\u00e3o mudar a altura da nota quando se est\u00e1 tocando, podendo subir ou descer meio tom.<\/p><p style=\"box-sizing: inherit; margin-right: auto; margin-bottom: 1.41575em; margin-left: auto; color: #686868; font-family: -apple-system, BlinkMacSystemFont, 'Segoe UI', Roboto, 'Helvetica Neue', Arial, sans-serif; font-size: medium; background-color: #ffffff;\">Para ajudar o harpista na hora de tocar, facilitando a localiza\u00e7\u00e3o, as notas D\u00f3 de uma harpa s\u00e3o sinalizadas em vermelho e as notas F\u00e1 s\u00e3o sinalizadas em azul.<\/p><p style=\"box-sizing: inherit; margin-right: auto; margin-bottom: 1.41575em; margin-left: auto; color: #686868; font-family: -apple-system, BlinkMacSystemFont, 'Segoe UI', Roboto, 'Helvetica Neue', Arial, sans-serif; font-size: medium; background-color: #ffffff;\">Voc\u00ea j\u00e1 conhecia algum desses instrumentos? Sabia das suas particularidades? Agora que aprendemos um pouco sobre o som e a import\u00e2ncia de cada um em uma orquestra, de qual deles voc\u00ea mais gostou? Gostaria de aprender a tocar algum deles?<\/p>\t\t\t\t\t\t<\/div>\n\t\t\t\t<\/div>\n\t\t\t\t\t<\/div>\n\t\t<\/div>\n\t\t\t\t\t\t\t<\/div>\n\t\t<\/section>\n\t\t\t\t\t\t\t<\/div>\n\t\t","protected":false},"excerpt":{"rendered":"<p>Existem diversos instrumentos que comp\u00f5em uma orquestra e cada um deles tem um diferencial que o faz \u00fanico e especial. Dentre eles, existem cinco que s\u00e3o classificados como instrumentos de cordas, sendo eles: violinos, violas, violoncelos, contrabaixos e harpa.<\/p>\n","protected":false},"author":1,"featured_media":896,"comment_status":"closed","ping_status":"closed","sticky":false,"template":"","format":"audio","meta":{"content-type":"","footnotes":""},"categories":[5],"tags":[40,41,34],"class_list":["post-109","post","type-post","status-publish","format-audio","has-post-thumbnail","hentry","category-instrumentos","tag-instrumentos-de-cordas","tag-orquestra","tag-orquestra-fernandopolis","post_format-post-format-audio"],"_links":{"self":[{"href":"https:\/\/osfer.com.br\/index.php?rest_route=\/wp\/v2\/posts\/109","targetHints":{"allow":["GET"]}}],"collection":[{"href":"https:\/\/osfer.com.br\/index.php?rest_route=\/wp\/v2\/posts"}],"about":[{"href":"https:\/\/osfer.com.br\/index.php?rest_route=\/wp\/v2\/types\/post"}],"author":[{"embeddable":true,"href":"https:\/\/osfer.com.br\/index.php?rest_route=\/wp\/v2\/users\/1"}],"replies":[{"embeddable":true,"href":"https:\/\/osfer.com.br\/index.php?rest_route=%2Fwp%2Fv2%2Fcomments&post=109"}],"version-history":[{"count":5,"href":"https:\/\/osfer.com.br\/index.php?rest_route=\/wp\/v2\/posts\/109\/revisions"}],"predecessor-version":[{"id":900,"href":"https:\/\/osfer.com.br\/index.php?rest_route=\/wp\/v2\/posts\/109\/revisions\/900"}],"wp:featuredmedia":[{"embeddable":true,"href":"https:\/\/osfer.com.br\/index.php?rest_route=\/wp\/v2\/media\/896"}],"wp:attachment":[{"href":"https:\/\/osfer.com.br\/index.php?rest_route=%2Fwp%2Fv2%2Fmedia&parent=109"}],"wp:term":[{"taxonomy":"category","embeddable":true,"href":"https:\/\/osfer.com.br\/index.php?rest_route=%2Fwp%2Fv2%2Fcategories&post=109"},{"taxonomy":"post_tag","embeddable":true,"href":"https:\/\/osfer.com.br\/index.php?rest_route=%2Fwp%2Fv2%2Ftags&post=109"}],"curies":[{"name":"wp","href":"https:\/\/api.w.org\/{rel}","templated":true}]}}