{"id":766,"date":"2024-03-08T14:52:27","date_gmt":"2024-03-08T14:52:27","guid":{"rendered":"https:\/\/osfer.com.br\/?p=766"},"modified":"2024-03-08T14:53:36","modified_gmt":"2024-03-08T14:53:36","slug":"orquestra-de-sopros-de-fernandopolis-osfer","status":"publish","type":"post","link":"https:\/\/osfer.com.br\/?p=766","title":{"rendered":"Orquestra de Sopros de Fernand\u00f3polis &#8211; OSFER"},"content":{"rendered":"\t\t<div data-elementor-type=\"wp-post\" data-elementor-id=\"766\" class=\"elementor elementor-766\">\n\t\t\t\t\t\t\t\t\t<section class=\"elementor-section elementor-top-section elementor-element elementor-element-03ff0dd elementor-section-full_width elementor-section-height-default elementor-section-height-default parallax_section_no qode_elementor_container_no\" data-id=\"03ff0dd\" data-element_type=\"section\">\n\t\t\t\t\t\t<div class=\"elementor-container elementor-column-gap-no\">\n\t\t\t\t\t<div class=\"elementor-column elementor-col-100 elementor-top-column elementor-element elementor-element-7590977\" data-id=\"7590977\" data-element_type=\"column\">\n\t\t\t<div class=\"elementor-widget-wrap elementor-element-populated\">\n\t\t\t\t\t\t\t\t<div class=\"elementor-element elementor-element-e336432 elementor-drop-cap-yes elementor-drop-cap-view-default elementor-widget elementor-widget-text-editor\" data-id=\"e336432\" data-element_type=\"widget\" data-settings=\"{&quot;drop_cap&quot;:&quot;yes&quot;}\" data-widget_type=\"text-editor.default\">\n\t\t\t\t<div class=\"elementor-widget-container\">\n\t\t\t<style>\/*! elementor - v3.18.0 - 20-12-2023 *\/\n.elementor-widget-text-editor.elementor-drop-cap-view-stacked .elementor-drop-cap{background-color:#69727d;color:#fff}.elementor-widget-text-editor.elementor-drop-cap-view-framed .elementor-drop-cap{color:#69727d;border:3px solid;background-color:transparent}.elementor-widget-text-editor:not(.elementor-drop-cap-view-default) .elementor-drop-cap{margin-top:8px}.elementor-widget-text-editor:not(.elementor-drop-cap-view-default) .elementor-drop-cap-letter{width:1em;height:1em}.elementor-widget-text-editor .elementor-drop-cap{float:left;text-align:center;line-height:1;font-size:50px}.elementor-widget-text-editor .elementor-drop-cap-letter{display:inline-block}<\/style>\t\t\t\t<p><span style=\"color: #656565; font-family: 'Open Sans', Arial, sans-serif; font-size: 14px; background-color: #ffffff;\">A Orquestra de Sopros de Fernand\u00f3polis (OSFER) vem realizando um trabalho musical e cultural de excelente qualidade, tanto que seu trabalho vem sendo elogiado e consagrado dentro do cen\u00e1rio musical por v\u00e1rios profissionais da \u00e1rea, como os maestros Dario Sotelo, Marcelo Jardim, Pablo DellOca Sala (Argentina) e Carlos Ocampo Chaves (Costa Rica), Alexandre Travassos (compositor oficial da Banda Sinf\u00f4nica do Estado de S\u00e3o Paulo), Daniel Maudonet (pianista e compositor), por cantores da MPB, como Guilherme Arantes e Fl\u00e1vio Venturini, e renomados instrumentistas, como o trombonista Jo\u00e3o Paulo Moreira (Teatro Municipal de S\u00e3o Paulo), o saxofonista Leo Gandelman (Rio de Janeiro) e a clarinetista da Banda de San Jos\u00e9, Roc\u00edo Mairena (Costa Rica), que participaram como solistas convidados de uma s\u00e9rie de concertos. A OSFER j\u00e1 realizou in\u00fameros concertos pelo Estado de S\u00e3o Paulo, destacando-se o \u201cCircuito Instrumental Elektro\u201d, a \u201cVirada Cultural Paulista\u201d e Projetos Musicais em parceria com o SESC de S\u00e3o Jos\u00e9 do Rio Preto. A temporada anual conta com: concertos did\u00e1ticos, workshops de m\u00fasica, concertos com solistas, \u201cViagem Musical\u201d, apresenta\u00e7\u00f5es c\u00edvicas e in\u00fameros concertos abertos ao p\u00fablico. A OSFER, no ano de 2013, gravou seu primeiro cd com obras originais, compostas exclusivamente para ela. Dentre as composi\u00e7\u00f5es, as m\u00fasicas exploram os diferentes estilos do universo musical como pe\u00e7as caracter\u00edsticas do per\u00edodo renascentista \u201cm\u00fasica antiga\u201d at\u00e9 a m\u00fasica contempor\u00e2nea. Utilizando-se da Lei de Incentivo \u00e0 Cultura \u2013 Lei Rouanet \u2013 a OSFER foi contemplada pelo Minist\u00e9rio da Cultura a realizar os projetos: &#8211; Aquisi\u00e7\u00e3o de Instrumentos Musicais \u2013 Pronac 043865 &#8211; Viagem Musical \u2013 Pronac 074878.<\/span><\/p>\t\t\t\t\t\t<\/div>\n\t\t\t\t<\/div>\n\t\t\t\t\t<\/div>\n\t\t<\/div>\n\t\t\t\t\t\t\t<\/div>\n\t\t<\/section>\n\t\t\t\t\t\t\t<\/div>\n\t\t","protected":false},"excerpt":{"rendered":"<p>Formando car\u00e1ter atrav\u00e9s da musica<\/p>\n","protected":false},"author":1,"featured_media":719,"comment_status":"open","ping_status":"open","sticky":false,"template":"","format":"standard","meta":{"content-type":"","footnotes":""},"categories":[32],"tags":[],"class_list":["post-766","post","type-post","status-publish","format-standard","has-post-thumbnail","hentry","category-projetos"],"_links":{"self":[{"href":"https:\/\/osfer.com.br\/index.php?rest_route=\/wp\/v2\/posts\/766","targetHints":{"allow":["GET"]}}],"collection":[{"href":"https:\/\/osfer.com.br\/index.php?rest_route=\/wp\/v2\/posts"}],"about":[{"href":"https:\/\/osfer.com.br\/index.php?rest_route=\/wp\/v2\/types\/post"}],"author":[{"embeddable":true,"href":"https:\/\/osfer.com.br\/index.php?rest_route=\/wp\/v2\/users\/1"}],"replies":[{"embeddable":true,"href":"https:\/\/osfer.com.br\/index.php?rest_route=%2Fwp%2Fv2%2Fcomments&post=766"}],"version-history":[{"count":4,"href":"https:\/\/osfer.com.br\/index.php?rest_route=\/wp\/v2\/posts\/766\/revisions"}],"predecessor-version":[{"id":770,"href":"https:\/\/osfer.com.br\/index.php?rest_route=\/wp\/v2\/posts\/766\/revisions\/770"}],"wp:featuredmedia":[{"embeddable":true,"href":"https:\/\/osfer.com.br\/index.php?rest_route=\/wp\/v2\/media\/719"}],"wp:attachment":[{"href":"https:\/\/osfer.com.br\/index.php?rest_route=%2Fwp%2Fv2%2Fmedia&parent=766"}],"wp:term":[{"taxonomy":"category","embeddable":true,"href":"https:\/\/osfer.com.br\/index.php?rest_route=%2Fwp%2Fv2%2Fcategories&post=766"},{"taxonomy":"post_tag","embeddable":true,"href":"https:\/\/osfer.com.br\/index.php?rest_route=%2Fwp%2Fv2%2Ftags&post=766"}],"curies":[{"name":"wp","href":"https:\/\/api.w.org\/{rel}","templated":true}]}}