{"id":779,"date":"2024-03-08T14:58:20","date_gmt":"2024-03-08T14:58:20","guid":{"rendered":"https:\/\/osfer.com.br\/?p=779"},"modified":"2024-06-11T17:26:58","modified_gmt":"2024-06-11T17:26:58","slug":"cultivando-cidadania","status":"publish","type":"post","link":"https:\/\/osfer.com.br\/?p=779","title":{"rendered":"Cultivando Cidadania"},"content":{"rendered":"\t\t<div data-elementor-type=\"wp-post\" data-elementor-id=\"779\" class=\"elementor elementor-779\">\n\t\t\t\t\t\t\t\t\t<section class=\"elementor-section elementor-top-section elementor-element elementor-element-03ff0dd elementor-section-full_width elementor-section-height-default elementor-section-height-default parallax_section_no qode_elementor_container_no\" data-id=\"03ff0dd\" data-element_type=\"section\">\n\t\t\t\t\t\t<div class=\"elementor-container elementor-column-gap-no\">\n\t\t\t\t\t<div class=\"elementor-column elementor-col-100 elementor-top-column elementor-element elementor-element-7590977\" data-id=\"7590977\" data-element_type=\"column\">\n\t\t\t<div class=\"elementor-widget-wrap elementor-element-populated\">\n\t\t\t\t\t\t\t\t<div class=\"elementor-element elementor-element-e336432 elementor-drop-cap-yes elementor-drop-cap-view-default elementor-widget elementor-widget-text-editor\" data-id=\"e336432\" data-element_type=\"widget\" data-settings=\"{&quot;drop_cap&quot;:&quot;yes&quot;}\" data-widget_type=\"text-editor.default\">\n\t\t\t\t<div class=\"elementor-widget-container\">\n\t\t\t<style>\/*! elementor - v3.18.0 - 20-12-2023 *\/\n.elementor-widget-text-editor.elementor-drop-cap-view-stacked .elementor-drop-cap{background-color:#69727d;color:#fff}.elementor-widget-text-editor.elementor-drop-cap-view-framed .elementor-drop-cap{color:#69727d;border:3px solid;background-color:transparent}.elementor-widget-text-editor:not(.elementor-drop-cap-view-default) .elementor-drop-cap{margin-top:8px}.elementor-widget-text-editor:not(.elementor-drop-cap-view-default) .elementor-drop-cap-letter{width:1em;height:1em}.elementor-widget-text-editor .elementor-drop-cap{float:left;text-align:center;line-height:1;font-size:50px}.elementor-widget-text-editor .elementor-drop-cap-letter{display:inline-block}<\/style>\t\t\t\t<p><span style=\"color: rgb(101, 101, 101); font-family: &quot;Open Sans&quot;, Arial, sans-serif; font-size: 14px; background-color: rgb(255, 255, 255);\">O projeto Cultivando a Cidadania tem como finalidade complementar o trabalho social com as fam\u00edlias e prevenir a ocorr\u00eancia de situa\u00e7\u00f5es de vulnerabilidade e risco social. Atrav\u00e9s desde projeto \u00e9 desenvolvido o Servi\u00e7o de Conviv\u00eancia e Fortalecimento de V\u00ednculos, que \u00e9 realizado em grupos, de modo a garantir aquisi\u00e7\u00f5es progressivas aos seus usu\u00e1rios, de acordo com seu ciclo de vida. O projeto possui um car\u00e1ter preventivo e proativo, pautado na defesa e afirma\u00e7\u00e3o de direitos e no desenvolvimento de capacidades e potencialidades dos usu\u00e1rios, com vistas ao alcance de alternativas emancipat\u00f3rias para o enfrentamento das vulnerabilidades sociais.<\/span><br style=\"color: rgb(101, 101, 101); font-family: &quot;Open Sans&quot;, Arial, sans-serif; font-size: 14px;\"><span style=\"color: rgb(101, 101, 101); font-family: &quot;Open Sans&quot;, Arial, sans-serif; font-size: 14px; background-color: rgb(255, 255, 255);\">O projeto tem como objetivos:<\/span><br style=\"color: rgb(101, 101, 101); font-family: &quot;Open Sans&quot;, Arial, sans-serif; font-size: 14px;\"><span style=\"color: rgb(101, 101, 101); font-family: &quot;Open Sans&quot;, Arial, sans-serif; font-size: 14px; background-color: rgb(255, 255, 255);\">\u2022 Assegurar espa\u00e7os de conv\u00edvio familiar e comunit\u00e1rio e o desenvolvimento de rela\u00e7\u00f5es de afetividade e sociabilidade;<\/span><br style=\"color: rgb(101, 101, 101); font-family: &quot;Open Sans&quot;, Arial, sans-serif; font-size: 14px;\"><span style=\"color: rgb(101, 101, 101); font-family: &quot;Open Sans&quot;, Arial, sans-serif; font-size: 14px; background-color: rgb(255, 255, 255);\">\u2022 Valorizar a cultura de fam\u00edlias e comunidades locais pelo resgate de suas culturas e a promo\u00e7\u00e3o de viv\u00eancias l\u00fadicas;<\/span><br style=\"color: rgb(101, 101, 101); font-family: &quot;Open Sans&quot;, Arial, sans-serif; font-size: 14px;\"><span style=\"color: rgb(101, 101, 101); font-family: &quot;Open Sans&quot;, Arial, sans-serif; font-size: 14px; background-color: rgb(255, 255, 255);\">\u2022 Promover a socializa\u00e7\u00e3o e conviv\u00eancia;<\/span><br style=\"color: rgb(101, 101, 101); font-family: &quot;Open Sans&quot;, Arial, sans-serif; font-size: 14px;\"><span style=\"color: rgb(101, 101, 101); font-family: &quot;Open Sans&quot;, Arial, sans-serif; font-size: 14px; background-color: rgb(255, 255, 255);\">\u2022 Criar espa\u00e7os de reflex\u00e3o sobre o papel das fam\u00edlias na prote\u00e7\u00e3o de seus membros;<\/span><br style=\"color: rgb(101, 101, 101); font-family: &quot;Open Sans&quot;, Arial, sans-serif; font-size: 14px;\"><span style=\"color: rgb(101, 101, 101); font-family: &quot;Open Sans&quot;, Arial, sans-serif; font-size: 14px; background-color: rgb(255, 255, 255);\">\u2022 Estimular e orientar os usu\u00e1rios na constru\u00e7\u00e3o e reconstru\u00e7\u00e3o de suas hist\u00f3rias e viv\u00eancias individuais e coletivas, na fam\u00edlia e no territ\u00f3rio;<\/span><br style=\"color: rgb(101, 101, 101); font-family: &quot;Open Sans&quot;, Arial, sans-serif; font-size: 14px;\"><span style=\"color: rgb(101, 101, 101); font-family: &quot;Open Sans&quot;, Arial, sans-serif; font-size: 14px; background-color: rgb(255, 255, 255);\">\u2022 Incentivar a participa\u00e7\u00e3o comunit\u00e1ria, a apropria\u00e7\u00e3o dos espa\u00e7os p\u00fablicos e o protagonismo no territ\u00f3rio.<\/span><br style=\"color: rgb(101, 101, 101); font-family: &quot;Open Sans&quot;, Arial, sans-serif; font-size: 14px;\"><span style=\"color: rgb(101, 101, 101); font-family: &quot;Open Sans&quot;, Arial, sans-serif; font-size: 14px; background-color: rgb(255, 255, 255);\">O foco \u00e9 a oferta de atividades de conviv\u00eancia e socializa\u00e7\u00e3o, com interven\u00e7\u00f5es no contexto de vulnerabilidades sociais, de modo a fortalecer v\u00ednculos e prevenir situa\u00e7\u00f5es de exclus\u00e3o e risco social.<\/span><br style=\"color: rgb(101, 101, 101); font-family: &quot;Open Sans&quot;, Arial, sans-serif; font-size: 14px;\"><span style=\"color: rgb(101, 101, 101); font-family: &quot;Open Sans&quot;, Arial, sans-serif; font-size: 14px; background-color: rgb(255, 255, 255);\">Os grupos s\u00e3o organizados por faixa et\u00e1ria com o objetivo de prevenir poss\u00edveis situa\u00e7\u00f5es de risco inerentes a cada ciclo de vida. O projeto est\u00e1 organizado nas seguintes faixas et\u00e1rias:<\/span><br style=\"color: rgb(101, 101, 101); font-family: &quot;Open Sans&quot;, Arial, sans-serif; font-size: 14px;\"><span style=\"color: rgb(101, 101, 101); font-family: &quot;Open Sans&quot;, Arial, sans-serif; font-size: 14px; background-color: rgb(255, 255, 255);\">\u2022 Crian\u00e7as de 06 a 11 anos;<\/span><br style=\"color: rgb(101, 101, 101); font-family: &quot;Open Sans&quot;, Arial, sans-serif; font-size: 14px;\"><span style=\"color: rgb(101, 101, 101); font-family: &quot;Open Sans&quot;, Arial, sans-serif; font-size: 14px; background-color: rgb(255, 255, 255);\">\u2022 Adolescentes de 12 a 14 anos;<\/span><br style=\"color: rgb(101, 101, 101); font-family: &quot;Open Sans&quot;, Arial, sans-serif; font-size: 14px;\"><span style=\"color: rgb(101, 101, 101); font-family: &quot;Open Sans&quot;, Arial, sans-serif; font-size: 14px; background-color: rgb(255, 255, 255);\">\u2022 Adolescentes de15 a 17 anos .<\/span><br><\/p>\t\t\t\t\t\t<\/div>\n\t\t\t\t<\/div>\n\t\t\t\t\t<\/div>\n\t\t<\/div>\n\t\t\t\t\t\t\t<\/div>\n\t\t<\/section>\n\t\t\t\t\t\t\t<\/div>\n\t\t","protected":false},"excerpt":{"rendered":"<p>O projeto Cultivando a Cidadania tem como finalidade complementar o trabalho social com as fam\u00edlias e prevenir a ocorr\u00eancia de situa\u00e7\u00f5es de vulnerabilidade e risco social. Atrav\u00e9s desde projeto \u00e9 desenvolvido o Servi\u00e7o de Conviv\u00eancia e Fortalecimento de V\u00ednculos, que \u00e9 realizado em grupos, de&#8230;<\/p>\n","protected":false},"author":1,"featured_media":720,"comment_status":"closed","ping_status":"closed","sticky":false,"template":"","format":"standard","meta":{"content-type":"","footnotes":""},"categories":[32],"tags":[],"class_list":["post-779","post","type-post","status-publish","format-standard","has-post-thumbnail","hentry","category-projetos"],"_links":{"self":[{"href":"https:\/\/osfer.com.br\/index.php?rest_route=\/wp\/v2\/posts\/779","targetHints":{"allow":["GET"]}}],"collection":[{"href":"https:\/\/osfer.com.br\/index.php?rest_route=\/wp\/v2\/posts"}],"about":[{"href":"https:\/\/osfer.com.br\/index.php?rest_route=\/wp\/v2\/types\/post"}],"author":[{"embeddable":true,"href":"https:\/\/osfer.com.br\/index.php?rest_route=\/wp\/v2\/users\/1"}],"replies":[{"embeddable":true,"href":"https:\/\/osfer.com.br\/index.php?rest_route=%2Fwp%2Fv2%2Fcomments&post=779"}],"version-history":[{"count":5,"href":"https:\/\/osfer.com.br\/index.php?rest_route=\/wp\/v2\/posts\/779\/revisions"}],"predecessor-version":[{"id":784,"href":"https:\/\/osfer.com.br\/index.php?rest_route=\/wp\/v2\/posts\/779\/revisions\/784"}],"wp:featuredmedia":[{"embeddable":true,"href":"https:\/\/osfer.com.br\/index.php?rest_route=\/wp\/v2\/media\/720"}],"wp:attachment":[{"href":"https:\/\/osfer.com.br\/index.php?rest_route=%2Fwp%2Fv2%2Fmedia&parent=779"}],"wp:term":[{"taxonomy":"category","embeddable":true,"href":"https:\/\/osfer.com.br\/index.php?rest_route=%2Fwp%2Fv2%2Fcategories&post=779"},{"taxonomy":"post_tag","embeddable":true,"href":"https:\/\/osfer.com.br\/index.php?rest_route=%2Fwp%2Fv2%2Ftags&post=779"}],"curies":[{"name":"wp","href":"https:\/\/api.w.org\/{rel}","templated":true}]}}